{"id":1672,"date":"2018-06-03T06:02:00","date_gmt":"2018-06-03T06:02:00","guid":{"rendered":"http:\/\/localhost\/?p=1672"},"modified":"2024-05-02T13:19:46","modified_gmt":"2024-05-02T06:19:46","slug":"note-oriental-comus-shim-jung-seop-ceo-of-western-mountain-tax-office","status":"publish","type":"post","link":"https:\/\/occ21.vn\/vi\/2018\/06\/03\/note-oriental-comus-shim-jung-seop-ceo-of-western-mountain-tax-office\/","title":{"rendered":"L\u01b0u \u00fd Oriental Comus Shim Jung -seop, Gi\u00e1m \u0111\u1ed1c \u0111i\u1ec1u h\u00e0nh V\u0103n ph\u00f2ng Thu\u1ebf Western Mountain"},"content":{"rendered":"<figure class=\"wp-block-image size-full\"><img loading=\"lazy\" decoding=\"async\" width=\"480\" height=\"640\" src=\"\/wp-content\/uploads\/2023\/11\/20180306.jpg\" alt=\"\" class=\"wp-image-1673\"\/><\/figure>","protected":false},"excerpt":{"rendered":"","protected":false},"author":1,"featured_media":1673,"comment_status":"closed","ping_status":"closed","sticky":false,"template":"","format":"standard","meta":{"footnotes":""},"categories":[1],"tags":[],"yoast_head":"<!-- This site is optimized with the Yoast SEO plugin v22.6 - https:\/\/yoast.com\/wordpress\/plugins\/seo\/ -->\n<title>Note Oriental Comus Shim Jung -seop, CEO of Western Mountain Tax Office - Oriental Commerce<\/title>\n<meta name=\"robots\" content=\"index, follow, max-snippet:-1, max-image-preview:large, max-video-preview:-1\" \/>\n<link rel=\"canonical\" href=\"https:\/\/occ21.vn\/vi\/2018\/06\/03\/note-oriental-comus-shim-jung-seop-ceo-of-western-mountain-tax-office\/\" \/>\n<meta property=\"og:locale\" content=\"vi_VN\" \/>\n<meta property=\"og:type\" content=\"article\" \/>\n<meta property=\"og:title\" content=\"Note Oriental Comus Shim Jung -seop, CEO of Western Mountain Tax Office - Oriental Commerce\" \/>\n<meta property=\"og:url\" content=\"https:\/\/occ21.vn\/vi\/2018\/06\/03\/note-oriental-comus-shim-jung-seop-ceo-of-western-mountain-tax-office\/\" \/>\n<meta property=\"og:site_name\" content=\"Oriental Commerce\" \/>\n<meta property=\"article:published_time\" content=\"2018-06-03T06:02:00+00:00\" \/>\n<meta property=\"article:modified_time\" content=\"2024-05-02T06:19:46+00:00\" \/>\n<meta property=\"og:image\" content=\"https:\/\/occ21.vn\/wp-content\/uploads\/2023\/11\/20180306.jpg\" \/>\n\t<meta property=\"og:image:width\" content=\"480\" \/>\n\t<meta property=\"og:image:height\" content=\"640\" \/>\n\t<meta property=\"og:image:type\" content=\"image\/jpeg\" \/>\n<meta name=\"author\" content=\"occwp\" \/>\n<meta name=\"twitter:card\" content=\"summary_large_image\" \/>\n<meta name=\"twitter:label1\" content=\"\u0110\u01b0\u1ee3c vi\u1ebft b\u1edfi\" \/>\n\t<meta name=\"twitter:data1\" content=\"occwp\" \/>\n\t<meta name=\"twitter:label2\" content=\"\u01af\u1edbc t\u00ednh th\u1eddi gian \u0111\u1ecdc\" \/>\n\t<meta name=\"twitter:data2\" content=\"1 ph\u00fat\" \/>\n<script type=\"application\/ld+json\" class=\"yoast-schema-graph\">{\"@context\":\"https:\/\/schema.org\",\"@graph\":[{\"@type\":\"WebPage\",\"@id\":\"https:\/\/occ21.vn\/2018\/06\/03\/note-oriental-comus-shim-jung-seop-ceo-of-western-mountain-tax-office\/\",\"url\":\"https:\/\/occ21.vn\/2018\/06\/03\/note-oriental-comus-shim-jung-seop-ceo-of-western-mountain-tax-office\/\",\"name\":\"Note Oriental Comus Shim Jung -seop, CEO of Western Mountain Tax Office - Oriental Commerce\",\"isPartOf\":{\"@id\":\"https:\/\/occ21.vn\/#website\"},\"primaryImageOfPage\":{\"@id\":\"https:\/\/occ21.vn\/2018\/06\/03\/note-oriental-comus-shim-jung-seop-ceo-of-western-mountain-tax-office\/#primaryimage\"},\"image\":{\"@id\":\"https:\/\/occ21.vn\/2018\/06\/03\/note-oriental-comus-shim-jung-seop-ceo-of-western-mountain-tax-office\/#primaryimage\"},\"thumbnailUrl\":\"https:\/\/occ21.vn\/wp-content\/uploads\/2023\/11\/20180306.jpg\",\"datePublished\":\"2018-06-03T06:02:00+00:00\",\"dateModified\":\"2024-05-02T06:19:46+00:00\",\"author\":{\"@id\":\"https:\/\/occ21.vn\/#\/schema\/person\/5cbbf4dff841a5708a286807a5aa2efa\"},\"breadcrumb\":{\"@id\":\"https:\/\/occ21.vn\/2018\/06\/03\/note-oriental-comus-shim-jung-seop-ceo-of-western-mountain-tax-office\/#breadcrumb\"},\"inLanguage\":\"vi\",\"potentialAction\":[{\"@type\":\"ReadAction\",\"target\":[\"https:\/\/occ21.vn\/2018\/06\/03\/note-oriental-comus-shim-jung-seop-ceo-of-western-mountain-tax-office\/\"]}]},{\"@type\":\"ImageObject\",\"inLanguage\":\"vi\",\"@id\":\"https:\/\/occ21.vn\/2018\/06\/03\/note-oriental-comus-shim-jung-seop-ceo-of-western-mountain-tax-office\/#primaryimage\",\"url\":\"https:\/\/occ21.vn\/wp-content\/uploads\/2023\/11\/20180306.jpg\",\"contentUrl\":\"https:\/\/occ21.vn\/wp-content\/uploads\/2023\/11\/20180306.jpg\",\"width\":480,\"height\":640},{\"@type\":\"BreadcrumbList\",\"@id\":\"https:\/\/occ21.vn\/2018\/06\/03\/note-oriental-comus-shim-jung-seop-ceo-of-western-mountain-tax-office\/#breadcrumb\",\"itemListElement\":[{\"@type\":\"ListItem\",\"position\":1,\"name\":\"\",\"item\":\"https:\/\/occ21.vn\/\"},{\"@type\":\"ListItem\",\"position\":2,\"name\":\"Note Oriental Comus Shim Jung -seop, CEO of Western Mountain Tax Office\"}]},{\"@type\":\"WebSite\",\"@id\":\"https:\/\/occ21.vn\/#website\",\"url\":\"https:\/\/occ21.vn\/\",\"name\":\"Oriental Commerce\",\"description\":\"\",\"potentialAction\":[{\"@type\":\"SearchAction\",\"target\":{\"@type\":\"EntryPoint\",\"urlTemplate\":\"https:\/\/occ21.vn\/?s={search_term_string}\"},\"query-input\":\"required name=search_term_string\"}],\"inLanguage\":\"vi\"},{\"@type\":\"Person\",\"@id\":\"https:\/\/occ21.vn\/#\/schema\/person\/5cbbf4dff841a5708a286807a5aa2efa\",\"name\":\"occwp\",\"sameAs\":[\"https:\/\/occ21.vn\"],\"url\":\"https:\/\/occ21.vn\/vi\/author\/occwp\/\"}]}<\/script>\n<!-- \/ Yoast SEO plugin. -->","yoast_head_json":{"title":"Note Oriental Comus Shim Jung -seop, CEO of Western Mountain Tax Office - Oriental Commerce","robots":{"index":"index","follow":"follow","max-snippet":"max-snippet:-1","max-image-preview":"max-image-preview:large","max-video-preview":"max-video-preview:-1"},"canonical":"https:\/\/occ21.vn\/vi\/2018\/06\/03\/note-oriental-comus-shim-jung-seop-ceo-of-western-mountain-tax-office\/","og_locale":"vi_VN","og_type":"article","og_title":"Note Oriental Comus Shim Jung -seop, CEO of Western Mountain Tax Office - Oriental Commerce","og_url":"https:\/\/occ21.vn\/vi\/2018\/06\/03\/note-oriental-comus-shim-jung-seop-ceo-of-western-mountain-tax-office\/","og_site_name":"Oriental Commerce","article_published_time":"2018-06-03T06:02:00+00:00","article_modified_time":"2024-05-02T06:19:46+00:00","og_image":[{"width":480,"height":640,"url":"https:\/\/occ21.vn\/wp-content\/uploads\/2023\/11\/20180306.jpg","type":"image\/jpeg"}],"author":"occwp","twitter_card":"summary_large_image","twitter_misc":{"\u0110\u01b0\u1ee3c vi\u1ebft b\u1edfi":"occwp","\u01af\u1edbc t\u00ednh th\u1eddi gian \u0111\u1ecdc":"1 ph\u00fat"},"schema":{"@context":"https:\/\/schema.org","@graph":[{"@type":"WebPage","@id":"https:\/\/occ21.vn\/2018\/06\/03\/note-oriental-comus-shim-jung-seop-ceo-of-western-mountain-tax-office\/","url":"https:\/\/occ21.vn\/2018\/06\/03\/note-oriental-comus-shim-jung-seop-ceo-of-western-mountain-tax-office\/","name":"Note Oriental Comus Shim Jung -seop, CEO of Western Mountain Tax Office - Oriental Commerce","isPartOf":{"@id":"https:\/\/occ21.vn\/#website"},"primaryImageOfPage":{"@id":"https:\/\/occ21.vn\/2018\/06\/03\/note-oriental-comus-shim-jung-seop-ceo-of-western-mountain-tax-office\/#primaryimage"},"image":{"@id":"https:\/\/occ21.vn\/2018\/06\/03\/note-oriental-comus-shim-jung-seop-ceo-of-western-mountain-tax-office\/#primaryimage"},"thumbnailUrl":"https:\/\/occ21.vn\/wp-content\/uploads\/2023\/11\/20180306.jpg","datePublished":"2018-06-03T06:02:00+00:00","dateModified":"2024-05-02T06:19:46+00:00","author":{"@id":"https:\/\/occ21.vn\/#\/schema\/person\/5cbbf4dff841a5708a286807a5aa2efa"},"breadcrumb":{"@id":"https:\/\/occ21.vn\/2018\/06\/03\/note-oriental-comus-shim-jung-seop-ceo-of-western-mountain-tax-office\/#breadcrumb"},"inLanguage":"vi","potentialAction":[{"@type":"ReadAction","target":["https:\/\/occ21.vn\/2018\/06\/03\/note-oriental-comus-shim-jung-seop-ceo-of-western-mountain-tax-office\/"]}]},{"@type":"ImageObject","inLanguage":"vi","@id":"https:\/\/occ21.vn\/2018\/06\/03\/note-oriental-comus-shim-jung-seop-ceo-of-western-mountain-tax-office\/#primaryimage","url":"https:\/\/occ21.vn\/wp-content\/uploads\/2023\/11\/20180306.jpg","contentUrl":"https:\/\/occ21.vn\/wp-content\/uploads\/2023\/11\/20180306.jpg","width":480,"height":640},{"@type":"BreadcrumbList","@id":"https:\/\/occ21.vn\/2018\/06\/03\/note-oriental-comus-shim-jung-seop-ceo-of-western-mountain-tax-office\/#breadcrumb","itemListElement":[{"@type":"ListItem","position":1,"name":"","item":"https:\/\/occ21.vn\/"},{"@type":"ListItem","position":2,"name":"Note Oriental Comus Shim Jung -seop, CEO of Western Mountain Tax Office"}]},{"@type":"WebSite","@id":"https:\/\/occ21.vn\/#website","url":"https:\/\/occ21.vn\/","name":"Oriental Commerce","description":"","potentialAction":[{"@type":"SearchAction","target":{"@type":"EntryPoint","urlTemplate":"https:\/\/occ21.vn\/?s={search_term_string}"},"query-input":"required name=search_term_string"}],"inLanguage":"vi"},{"@type":"Person","@id":"https:\/\/occ21.vn\/#\/schema\/person\/5cbbf4dff841a5708a286807a5aa2efa","name":"occwp","sameAs":["https:\/\/occ21.vn"],"url":"https:\/\/occ21.vn\/vi\/author\/occwp\/"}]}},"_links":{"self":[{"href":"https:\/\/occ21.vn\/vi\/wp-json\/wp\/v2\/posts\/1672"}],"collection":[{"href":"https:\/\/occ21.vn\/vi\/wp-json\/wp\/v2\/posts"}],"about":[{"href":"https:\/\/occ21.vn\/vi\/wp-json\/wp\/v2\/types\/post"}],"author":[{"embeddable":true,"href":"https:\/\/occ21.vn\/vi\/wp-json\/wp\/v2\/users\/1"}],"replies":[{"embeddable":true,"href":"https:\/\/occ21.vn\/vi\/wp-json\/wp\/v2\/comments?post=1672"}],"version-history":[{"count":1,"href":"https:\/\/occ21.vn\/vi\/wp-json\/wp\/v2\/posts\/1672\/revisions"}],"predecessor-version":[{"id":2567,"href":"https:\/\/occ21.vn\/vi\/wp-json\/wp\/v2\/posts\/1672\/revisions\/2567"}],"wp:featuredmedia":[{"embeddable":true,"href":"https:\/\/occ21.vn\/vi\/wp-json\/wp\/v2\/media\/1673"}],"wp:attachment":[{"href":"https:\/\/occ21.vn\/vi\/wp-json\/wp\/v2\/media?parent=1672"}],"wp:term":[{"taxonomy":"category","embeddable":true,"href":"https:\/\/occ21.vn\/vi\/wp-json\/wp\/v2\/categories?post=1672"},{"taxonomy":"post_tag","embeddable":true,"href":"https:\/\/occ21.vn\/vi\/wp-json\/wp\/v2\/tags?post=1672"}],"curies":[{"name":"wp","href":"https:\/\/api.w.org\/{rel}","templated":true}]}}