{"id":2549,"date":"2023-06-03T11:04:00","date_gmt":"2023-06-03T04:04:00","guid":{"rendered":"https:\/\/occ21.vn\/staging\/?p=2549"},"modified":"2024-05-02T12:37:08","modified_gmt":"2024-05-02T05:37:08","slug":"received-the-prime-ministers-award-as-a-model-taxpayer","status":"publish","type":"post","link":"https:\/\/occ21.vn\/vi\/2023\/06\/03\/received-the-prime-ministers-award-as-a-model-taxpayer\/","title":{"rendered":"Nh\u1eadn B\u1eb1ng khen c\u1ee7a Th\u1ee7 t\u01b0\u1edbng Ch\u00ednh ph\u1ee7 l\u00e0 Ng\u01b0\u1eddi n\u1ed9p thu\u1ebf ki\u1ec3u m\u1eabu"},"content":{"rendered":"<p>\u25a3 Ng\u00e0y Ng\u00e0y: 06\/03\/2023<br>\u25a3 C\u01a1 quan gi\u00e1m s\u00e1t ch\u00ednh: C\u1ee5c Thu\u1ebf Qu\u1ed1c gia<br>\u25a3 Gi\u1ea3i th\u01b0\u1edfng: Gi\u1ea3i th\u01b0\u1edfng c\u1ee7a Th\u1ee7 t\u01b0\u1edbng Ch\u00ednh ph\u1ee7 d\u00e0nh cho Ng\u01b0\u1eddi n\u1ed9p thu\u1ebf g\u01b0\u01a1ng m\u1eabu<\/p>\n\n\n\n<figure class=\"wp-block-image aligncenter size-full\"><a href=\"https:\/\/occ21.vn\/wp-content\/uploads\/2024\/05\/w1024b8c7a688262d700c9b4497f0fa3b41d7.jpg\"><img loading=\"lazy\" decoding=\"async\" width=\"1024\" height=\"768\" src=\"https:\/\/occ21.vn\/wp-content\/uploads\/2024\/05\/w1024b8c7a688262d700c9b4497f0fa3b41d7.jpg\" alt=\"\" class=\"wp-image-2550\" srcset=\"https:\/\/occ21.vn\/wp-content\/uploads\/2024\/05\/w1024b8c7a688262d700c9b4497f0fa3b41d7.jpg 1024w, https:\/\/occ21.vn\/wp-content\/uploads\/2024\/05\/w1024b8c7a688262d700c9b4497f0fa3b41d7-533x400.jpg 533w, https:\/\/occ21.vn\/wp-content\/uploads\/2024\/05\/w1024b8c7a688262d700c9b4497f0fa3b41d7-768x576.jpg 768w, https:\/\/occ21.vn\/wp-content\/uploads\/2024\/05\/w1024b8c7a688262d700c9b4497f0fa3b41d7-16x12.jpg 16w, https:\/\/occ21.vn\/wp-content\/uploads\/2024\/05\/w1024b8c7a688262d700c9b4497f0fa3b41d7-510x383.jpg 510w\" sizes=\"(max-width: 1024px) 100vw, 1024px\" \/><\/a><\/figure>\n\n\n\n<figure class=\"wp-block-image aligncenter size-large\"><a href=\"https:\/\/occ21.vn\/wp-content\/uploads\/2024\/05\/w10240021a765f0a86716e0b1a1628a4fe558.jpg\"><img loading=\"lazy\" decoding=\"async\" width=\"600\" height=\"800\" src=\"https:\/\/occ21.vn\/wp-content\/uploads\/2024\/05\/w10240021a765f0a86716e0b1a1628a4fe558-600x800.jpg\" alt=\"\" class=\"wp-image-2551\" srcset=\"https:\/\/occ21.vn\/wp-content\/uploads\/2024\/05\/w10240021a765f0a86716e0b1a1628a4fe558-600x800.jpg 600w, https:\/\/occ21.vn\/wp-content\/uploads\/2024\/05\/w10240021a765f0a86716e0b1a1628a4fe558-300x400.jpg 300w, https:\/\/occ21.vn\/wp-content\/uploads\/2024\/05\/w10240021a765f0a86716e0b1a1628a4fe558-9x12.jpg 9w, https:\/\/occ21.vn\/wp-content\/uploads\/2024\/05\/w10240021a765f0a86716e0b1a1628a4fe558-510x680.jpg 510w, https:\/\/occ21.vn\/wp-content\/uploads\/2024\/05\/w10240021a765f0a86716e0b1a1628a4fe558.jpg 768w\" sizes=\"(max-width: 600px) 100vw, 600px\" \/><\/a><\/figure>\n\n\n\n<figure class=\"wp-block-image aligncenter size-large\"><a href=\"https:\/\/occ21.vn\/wp-content\/uploads\/2024\/05\/w1024f58a52d6bc320ed3c5e9ad195edfa95f.jpg\"><img loading=\"lazy\" decoding=\"async\" width=\"451\" height=\"800\" src=\"https:\/\/occ21.vn\/wp-content\/uploads\/2024\/05\/w1024f58a52d6bc320ed3c5e9ad195edfa95f-451x800.jpg\" alt=\"\" class=\"wp-image-2552\" srcset=\"https:\/\/occ21.vn\/wp-content\/uploads\/2024\/05\/w1024f58a52d6bc320ed3c5e9ad195edfa95f-451x800.jpg 451w, https:\/\/occ21.vn\/wp-content\/uploads\/2024\/05\/w1024f58a52d6bc320ed3c5e9ad195edfa95f-225x400.jpg 225w, https:\/\/occ21.vn\/wp-content\/uploads\/2024\/05\/w1024f58a52d6bc320ed3c5e9ad195edfa95f-7x12.jpg 7w, https:\/\/occ21.vn\/wp-content\/uploads\/2024\/05\/w1024f58a52d6bc320ed3c5e9ad195edfa95f-510x905.jpg 510w, https:\/\/occ21.vn\/wp-content\/uploads\/2024\/05\/w1024f58a52d6bc320ed3c5e9ad195edfa95f.jpg 577w\" sizes=\"(max-width: 451px) 100vw, 451px\" \/><\/a><\/figure>\n\n\n\n<figure class=\"wp-block-image aligncenter size-full\"><a href=\"https:\/\/occ21.vn\/wp-content\/uploads\/2024\/05\/w10240514a5c8fc2350ee679785948a791a91.jpg\"><img loading=\"lazy\" decoding=\"async\" width=\"1024\" height=\"768\" src=\"https:\/\/occ21.vn\/wp-content\/uploads\/2024\/05\/w10240514a5c8fc2350ee679785948a791a91.jpg\" alt=\"\" class=\"wp-image-2553\" srcset=\"https:\/\/occ21.vn\/wp-content\/uploads\/2024\/05\/w10240514a5c8fc2350ee679785948a791a91.jpg 1024w, https:\/\/occ21.vn\/wp-content\/uploads\/2024\/05\/w10240514a5c8fc2350ee679785948a791a91-533x400.jpg 533w, https:\/\/occ21.vn\/wp-content\/uploads\/2024\/05\/w10240514a5c8fc2350ee679785948a791a91-768x576.jpg 768w, https:\/\/occ21.vn\/wp-content\/uploads\/2024\/05\/w10240514a5c8fc2350ee679785948a791a91-16x12.jpg 16w, https:\/\/occ21.vn\/wp-content\/uploads\/2024\/05\/w10240514a5c8fc2350ee679785948a791a91-510x383.jpg 510w\" sizes=\"(max-width: 1024px) 100vw, 1024px\" \/><\/a><\/figure>\n\n\n\n<figure class=\"wp-block-image aligncenter size-full\"><a href=\"https:\/\/occ21.vn\/wp-content\/uploads\/2024\/05\/w1024faff3a9eaf2f21c0a201c24e17abd060.jpg\"><img loading=\"lazy\" decoding=\"async\" width=\"1024\" height=\"699\" src=\"https:\/\/occ21.vn\/wp-content\/uploads\/2024\/05\/w1024faff3a9eaf2f21c0a201c24e17abd060.jpg\" alt=\"\" class=\"wp-image-2554\" srcset=\"https:\/\/occ21.vn\/wp-content\/uploads\/2024\/05\/w1024faff3a9eaf2f21c0a201c24e17abd060.jpg 1024w, https:\/\/occ21.vn\/wp-content\/uploads\/2024\/05\/w1024faff3a9eaf2f21c0a201c24e17abd060-586x400.jpg 586w, https:\/\/occ21.vn\/wp-content\/uploads\/2024\/05\/w1024faff3a9eaf2f21c0a201c24e17abd060-768x524.jpg 768w, https:\/\/occ21.vn\/wp-content\/uploads\/2024\/05\/w1024faff3a9eaf2f21c0a201c24e17abd060-18x12.jpg 18w, https:\/\/occ21.vn\/wp-content\/uploads\/2024\/05\/w1024faff3a9eaf2f21c0a201c24e17abd060-510x348.jpg 510w\" sizes=\"(max-width: 1024px) 100vw, 1024px\" \/><\/a><\/figure>\n\n\n\n<figure class=\"wp-block-image aligncenter size-full\"><a href=\"https:\/\/occ21.vn\/wp-content\/uploads\/2024\/05\/w1024restmb_allidxmake.jpg\"><img loading=\"lazy\" decoding=\"async\" width=\"1024\" height=\"683\" src=\"https:\/\/occ21.vn\/wp-content\/uploads\/2024\/05\/w1024restmb_allidxmake.jpg\" alt=\"\" class=\"wp-image-2555\" srcset=\"https:\/\/occ21.vn\/wp-content\/uploads\/2024\/05\/w1024restmb_allidxmake.jpg 1024w, https:\/\/occ21.vn\/wp-content\/uploads\/2024\/05\/w1024restmb_allidxmake-600x400.jpg 600w, https:\/\/occ21.vn\/wp-content\/uploads\/2024\/05\/w1024restmb_allidxmake-768x512.jpg 768w, https:\/\/occ21.vn\/wp-content\/uploads\/2024\/05\/w1024restmb_allidxmake-18x12.jpg 18w, https:\/\/occ21.vn\/wp-content\/uploads\/2024\/05\/w1024restmb_allidxmake-510x340.jpg 510w\" sizes=\"(max-width: 1024px) 100vw, 1024px\" \/><\/a><\/figure>\n\n\n\n<p>(\u1ea2nh do C\u1ee5c Thu\u1ebf qu\u1ed1c gia Busan cung c\u1ea5p)<\/p>\n\n\n\n[Ph\u00f3ng vi\u00ean Roishu Jeon Yong-mo] V\u0103n ph\u00f2ng Thu\u1ebf khu v\u1ef1c Busan (Gi\u00e1m \u0111\u1ed1c Jang Il-hyeon) \u0111\u00e3 t\u1ed5 ch\u1ee9c L\u1ec5 k\u1ef7 ni\u1ec7m Ng\u00e0y n\u1ed9p thu\u1ebf l\u1ea7n th\u1ee9 57 (3 th\u00e1ng 3) t\u1ea1i kh\u00e1n ph\u00f2ng ch\u00ednh \u1edf t\u1ea7ng m\u1ed9t c\u1ee7a t\u00f2a nh\u00e0 v\u00e0o ng\u00e0y 6 th\u00e1ng 3.<\/p>\n\n\n\n<p>C\u00f3 th\u00f4ng b\u00e1o r\u1eb1ng m\u1ed9t s\u1ef1 ki\u1ec7n k\u1ef7 ni\u1ec7m \u0111\u00e3 \u0111\u01b0\u1ee3c t\u1ed5 ch\u1ee9c b\u1eb1ng c\u00e1ch m\u1eddi nh\u1eefng ng\u01b0\u1eddi \u0111o\u1ea1t gi\u1ea3i nh\u01b0 nh\u1eefng ng\u01b0\u1eddi n\u1ed9p thu\u1ebf ki\u1ec3u m\u1eabu v\u00e0 nh\u1eefng v\u1ecb kh\u00e1ch nh\u01b0 Ch\u1ee7 t\u1ecbch Ph\u00f2ng Th\u01b0\u01a1ng m\u1ea1i v\u00e0 C\u00f4ng nghi\u1ec7p Busan.<\/p>\n\n\n\n<p>\u1ee6y vi\u00ean Jang Il-hyun \u0111\u00e3 trao gi\u1ea5y khen cho nh\u1eefng ng\u01b0\u1eddi \u0111o\u1ea1t gi\u1ea3i v\u00e0 khen th\u01b0\u1edfng cho c\u00e1c t\u1ed5 ch\u1ee9c xu\u1ea5t s\u1eafc, c\u00f4ng ch\u1ee9c c\u00f3 c\u00f4ng v\u00e0 c\u00f4ng ch\u1ee9c l\u00e2u n\u0103m.<\/p>\n\n\n\n<p>N\u00f3 \u0111\u01b0\u1ee3c chuy\u1ec3n giao b\u1edfi c\u00e1c v\u1ecb kh\u00e1ch m\u1eddi trong \u0111\u00f3 c\u00f3 ch\u1ee7 t\u1ecbch chi nh\u00e1nh Busan c\u1ee7a Li\u00ean \u0111o\u00e0n Doanh nh\u00e2n n\u1eef H\u00e0n Qu\u1ed1c. Ng\u01b0\u1eddi n\u1ed9p thu\u1ebf m\u1eabu (14 ng\u01b0\u1eddi = 1 Hu\u00e2n ch\u01b0\u01a1ng D\u1ecbch v\u1ee5 C\u00f4ng nghi\u1ec7p, 1 Ch\u1ee7 t\u1ecbch n\u01b0\u1edbc,<\/p>\n\n\n\n<p>2 Th\u1ee7 t\u01b0\u1edbng, 4 B\u1ed9 tr\u01b0\u1edfng, 3 \u1ee6y vi\u00ean C\u1ee5c Thu\u1ebf Qu\u1ed1c gia, 3 \u1ee6y vi\u00ean V\u0103n ph\u00f2ng Khu v\u1ef1c), Nh\u1eefng ng\u01b0\u1eddi n\u1ed9p thu\u1ebf xinh \u0111\u1eb9p (3 = 2 B\u1ed9 tr\u01b0\u1edfng, 1 \u1ee6y vi\u00ean C\u1ee5c Thu\u1ebf Qu\u1ed1c gia),&nbsp;<\/p>\n\n\n\n<p>C\u1ed9ng t\u00e1c vi\u00ean thu\u1ebf (3 ng\u01b0\u1eddi = 1 B\u1ed9 tr\u01b0\u1edfng, 1 \u1ee6y vi\u00ean C\u1ee5c Thu\u1ebf Qu\u1ed1c gia, 1 \u1ee6y vi\u00ean V\u0103n ph\u00f2ng Khu v\u1ef1c)<\/p>\n\n\n\n<p><br>C\u00e1c l\u1ee3i \u00edch \u01b0u \u0111\u00e3i d\u00e0nh cho ng\u01b0\u1eddi n\u1ed9p thu\u1ebf g\u01b0\u01a1ng m\u1eabu bao g\u1ed3m ho\u00e3n ki\u1ec3m tra thu\u1ebf (tuy nhi\u00ean, n\u1ebfu x\u00e1c nh\u1eadn h\u00e0nh vi tr\u1ed1n thu\u1ebf kh\u00e1ch quan v\u00e0 r\u00f5 r\u00e0ng th\u00ec s\u1ebd kh\u00f4ng bao g\u1ed3m l\u1ee3i \u00edch tr\u00ec ho\u00e3n ki\u1ec3m tra thu\u1ebf),<\/p>\n\n\n\n<p>L\u1ef1a ch\u1ecdn th\u1eddi gian ki\u1ec3m tra th\u01b0\u1eddng xuy\u00ean, mi\u1ec5n thu\u1ebf t\u00e0i s\u1ea3n th\u1ebf ch\u1ea5p (l\u00ean t\u1edbi 500 tri\u1ec7u won), s\u1eed d\u1ee5ng trung t\u00e2m kinh doanh d\u00e0nh ri\u00eang cho ng\u01b0\u1eddi n\u1ed9p thu\u1ebf g\u01b0\u01a1ng m\u1eabu, gi\u1ea3m gi\u00e1 v\u00e9 \u0111\u01b0\u1eddng s\u1eaft,<\/p>\n\n\n\n<p>B\u1ea3o hi\u1ec3m th\u01b0\u01a1ng m\u1ea1i \u01b0u \u0111\u00e3i, nh\u1eadp c\u1ea3nh s\u00e2n bay \u01b0u \u0111\u00e3i, s\u1eed d\u1ee5ng b\u00e3i \u0111\u1eadu xe c\u00f4ng c\u1ed9ng mi\u1ec5n ph\u00ed, t\u00e0i tr\u1ee3 \u01b0u \u0111\u00e3i, v.v. \u1ee6y vi\u00ean C\u1ee5c Thu\u1ebf Qu\u1ed1c gia Busan, Jang Il-hyun, \u0111\u00e3 \u0111\u00edch th\u00e2n trao gi\u1ea5y khen cho t\u1eebng ng\u01b0\u1eddi trong s\u1ed1 20 ng\u01b0\u1eddi chi\u1ebfn th\u1eafng v\u00e0 n\u00f3i: \u201cNgay c\u1ea3 trong t\u00ecnh h\u00ecnh kinh t\u1ebf kh\u00f3 kh\u0103n t\u00ecnh h\u00ecnh n\u0103m ngo\u00e1i,<br><\/p>\n\n\n\n<p>\u201cT\u00f4i b\u00e0y t\u1ecf l\u00f2ng k\u00ednh tr\u1ecdng v\u00e0 bi\u1ebft \u01a1n s\u00e2u s\u1eafc t\u1edbi t\u1ea5t c\u1ea3 nh\u1eefng ng\u01b0\u1eddi \u0111\u00e3 trung th\u00e0nh n\u1ed9p thu\u1ebf v\u00e0 th\u1ef1c h\u00e0nh s\u1ef1 chia s\u1ebb t\u1ed1t \u0111\u1eb9p.\u201d<\/p>\n\n\n\n<figure class=\"wp-block-image size-full\"><a href=\"https:\/\/occ21.vn\/wp-content\/uploads\/2024\/05\/w1024restmb_allidxmake-1.jpg\"><img loading=\"lazy\" decoding=\"async\" width=\"1024\" height=\"683\" src=\"https:\/\/occ21.vn\/wp-content\/uploads\/2024\/05\/w1024restmb_allidxmake-1.jpg\" alt=\"\" class=\"wp-image-2556\" srcset=\"https:\/\/occ21.vn\/wp-content\/uploads\/2024\/05\/w1024restmb_allidxmake-1.jpg 1024w, https:\/\/occ21.vn\/wp-content\/uploads\/2024\/05\/w1024restmb_allidxmake-1-600x400.jpg 600w, https:\/\/occ21.vn\/wp-content\/uploads\/2024\/05\/w1024restmb_allidxmake-1-768x512.jpg 768w, https:\/\/occ21.vn\/wp-content\/uploads\/2024\/05\/w1024restmb_allidxmake-1-18x12.jpg 18w, https:\/\/occ21.vn\/wp-content\/uploads\/2024\/05\/w1024restmb_allidxmake-1-510x340.jpg 510w\" sizes=\"(max-width: 1024px) 100vw, 1024px\" \/><\/a><\/figure>\n\n\n\n<p>V\u00e0o ng\u00e0y 6, \u1ee6y vi\u00ean D\u1ecbch v\u1ee5 Thu\u1ebf Qu\u1ed1c gia Busan, Jang Il-hyun, b\u00e0y t\u1ecf s\u1ef1 t\u00f4n tr\u1ecdng v\u00e0 bi\u1ebft \u01a1n \u0111\u1ed1i v\u1edbi t\u1ea5t c\u1ea3 nh\u1eefng ng\u01b0\u1eddi \u0111\u00e3 trung th\u00e0nh n\u1ed9p thu\u1ebf v\u00e0 th\u1ef1c h\u00e0nh s\u1ef1 chia s\u1ebb t\u1ed1t \u0111\u1eb9p.<\/p>\n\n\n\n<p>(\u1ea2nh do C\u1ee5c Thu\u1ebf qu\u1ed1c gia Busan cung c\u1ea5p)<\/p>\n\n\n\n<p>&nbsp;<br>Trong khi \u0111\u00f3, Ch\u1ee7 t\u1ecbch In-hwa In c\u1ee7a Ph\u00f2ng Th\u01b0\u01a1ng m\u1ea1i Busan, Ch\u1ee7 t\u1ecbch Jeong-sun Kim c\u1ee7a Hi\u1ec7p h\u1ed9i N\u1eef doanh nh\u00e2n H\u00e0n Qu\u1ed1c (Chi nh\u00e1nh Busan), Il Jeong, Ch\u1ee7 t\u1ecbch Vi\u1ec7n K\u1ebf to\u00e1n C\u00f4ng ch\u1ee9ng Khu v\u1ef1c Busan,<\/p>\n\n\n\n<p>Jin Kyung-ok, Ch\u1ee7 t\u1ecbch Hi\u1ec7p h\u1ed9i Thu\u1ebf khu v\u1ef1c Busan v\u00e0 Shim Bong-seop, Ch\u1ee7 t\u1ecbch \u1ee6y ban B\u1ea3o v\u1ec7 Ng\u01b0\u1eddi n\u1ed9p thu\u1ebf, \u0111\u00e3 tham d\u1ef1 v\u1edbi t\u01b0 c\u00e1ch kh\u00e1ch m\u1eddi.<br>&nbsp;<br>\u25c7Ng\u01b0\u1eddi chi\u1ebfn th\u1eafng tham d\u1ef1 L\u1ec5 k\u1ef7 ni\u1ec7m S\u1edf Thu\u1ebf khu v\u1ef1c Busan (20 ng\u01b0\u1eddi)<\/p>\n\n\n\n<p>Lee Sang-geun, Gi\u00e1m \u0111\u1ed1c \u0111i\u1ec1u h\u00e0nh c\u1ee7a Myongji Relay (Bao b\u00ec c\u00f4ng nghi\u1ec7p), Choi Jin-young (Ch\u1ee7 t\u1ecbch), Gi\u00e1m \u0111\u1ed1c Daepo c\u1ee7a Kukje Plant Co., Ltd., v\u00e0 Noh Kyung-oh, Gi\u00e1m \u0111\u1ed1c \u0111i\u1ec1u h\u00e0nh c\u1ee7a Daechang Steel Co., Ltd.<\/p>\n\n\n\n<p>Gi\u00e1m \u0111\u1ed1c \u0111i\u1ec1u h\u00e0nh C\u00f4ng ty TNHH Oriental Commerce Shim Jeong-seop (Th\u1ee7 t\u01b0\u1edbng) , C\u00f4ng ty TNHH M\u00e1y m\u00f3c Dongjin Gi\u00e1m \u0111\u1ed1c \u0111i\u1ec1u h\u00e0nh Kang Dong-seok, Gi\u00e1m \u0111\u1ed1c \u0111i\u1ec1u h\u00e0nh C\u00f4ng ty TNHH X\u00e2y d\u1ef1ng BOM Kim Seong-il,<\/p>\n\n\n\n<p>Kim Jin-gyu, Gi\u00e1m \u0111\u1ed1c \u0111i\u1ec1u h\u00e0nh c\u1ee7a Myungjin Enterprise Co., Ltd., Kyung-gyu Ryu (B\u1ed9 tr\u01b0\u1edfng), Gi\u00e1m \u0111\u1ed1c \u0111i\u1ec1u h\u00e0nh c\u1ee7a C\u00f4ng ty TNHH Ph\u00e1t tri\u1ec3n Du l\u1ecbch Dongwon, v\u00e0 Kim Chang-yeon, Gi\u00e1m \u0111\u1ed1c \u0111i\u1ec1u h\u00e0nh c\u1ee7a Midongam Sohan H\u1eefu ngh\u1ecb.<\/p>\n\n\n\n<p>Hyun Jong-won, Ch\u1ee7 t\u1ecbch C\u00f4ng ty TNHH C\u00f4ng nghi\u1ec7p Dongyang, C\u00f4ng ty TNHH K\u1ef9 thu\u1eadt Yuseong. Gi\u00e1m \u0111\u1ed1c \u0111i\u1ec1u h\u00e0nh Hwang Hyeong-gu (\u1ee6y vi\u00ean D\u1ecbch v\u1ee5 Thu\u1ebf Qu\u1ed1c gia), Gi\u00e1m \u0111\u1ed1c \u0111i\u1ec1u h\u00e0nh C\u00f4ng ty TNHH ESD Korea Lee Young-ae,<\/p>\n\n\n\n<p>Choi Ja-jun, Gi\u00e1m \u0111\u1ed1c \u0111i\u1ec1u h\u00e0nh c\u1ee7a Sinchon Dolsot Seolleongtang; Choi Jeong-hoon, gi\u00e1m \u0111\u1ed1c B\u1ec7nh vi\u1ec7n Nha khoa Boston (\u1ee6y vi\u00ean khu v\u1ef1c); v\u00e0 Koo Ja-woong, Gi\u00e1m \u0111\u1ed1c \u0111i\u1ec1u h\u00e0nh c\u1ee7a Postech Electronics Co., Ltd.<\/p>\n\n\n\n<p>Trung s\u0129 S\u1edf C\u1ea3nh s\u00e1t bi\u1ec3n Busan Lee Dong-hoon (B\u1ed9 tr\u01b0\u1edfng), \u0111\u1ea1i di\u1ec7n \u0110\u1ea3ng b\u1ed9 th\u00f4n Son Eung-yeon (\u1ee6y vi\u00ean C\u1ee5c Thu\u1ebf Qu\u1ed1c gia)\/C\u00f4ng ty thu\u1ebf Chi nh\u00e1nh Geumsam Bugok K\u1ebf to\u00e1n thu\u1ebf Choi Pan-deok (B\u1ed9 tr\u01b0\u1edfng),<\/p>\n\n\n\n<p>Kim Byeong-sik (\u1ee6y vi\u00ean C\u1ee5c Thu\u1ebf Qu\u1ed1c gia), nh\u00e2n vi\u00ean k\u1ebf to\u00e1n thu\u1ebf t\u1ea1i c\u00f4ng ty k\u1ebf to\u00e1n Gonggam, v\u00e0 Gong Yeong-geun (Gi\u00e1m \u0111\u1ed1c V\u0103n ph\u00f2ng Khu v\u1ef1c), \u0111\u1ea1i di\u1ec7n K\u1ebf to\u00e1n Thu\u1ebf Gong Yeong-geun v\u00e0 C\u01a1 quan B\u1ea5t \u0111\u1ed9ng s\u1ea3n \u0111\u01b0\u1ee3c Ch\u1ee9ng nh\u1eadn.<\/p>\n\n\n\n<p><br>Ph\u00f3ng vi\u00ean Lawissue Jeon Yong-mo&nbsp;<a href=\"mailto:sisalaw@lawissue.co.kr\">sisala@lawissue.co.kr<\/a><\/p>\n\n\n\n<p>Ngu\u1ed3n:&nbsp;&nbsp;<a href=\"https:\/\/www.lawissue.co.kr\/view.php?ud=2023030613310145599a8c8bf58f_12\" target=\"_blank\" rel=\"noreferrer noopener\">https:\/\/www.lawissue.co.kr\/view.php?ud=2023030613310145599a8c8bf58f_12<\/a><\/p>\n\n\n\n<p><strong>\uff0a B\u00e0i \u0111\u0103ng n\u00e0y c\u00f3 ch\u1ee9a c\u00e1c th\u1ebb kh\u00f4ng s\u1eed d\u1ee5ng \u0111\u01b0\u1ee3c n\u00ean n\u1ed9i dung c\u00f3 th\u1ec3 kh\u00f4ng \u0111\u01b0\u1ee3c hi\u1ec3n th\u1ecb ch\u00ednh x\u00e1c.<\/strong><\/p>","protected":false},"excerpt":{"rendered":"<p>\u25a3 Date&nbsp;Date Date&nbsp;: March 6, 2023\u25a3 Main&nbsp;supervisor&nbsp;: National Tax Service\u25a3 Awards: Prime Minister\u2019s Award for Model Taxpayer (Photo provided by Busan National Tax Service) [Reporter Roishu Jeon Yong-mo] The Busan Regional Tax Office (Director Jang Il-hyeon) celebrated the 57th Taxpayer&#8217;s Day (March 3) at the main auditorium on the first floor of the building on [&#8230;]","protected":false},"author":1,"featured_media":2550,"comment_status":"closed","ping_status":"closed","sticky":false,"template":"","format":"standard","meta":{"footnotes":""},"categories":[1],"tags":[],"yoast_head":"<!-- This site is optimized with the Yoast SEO plugin v22.6 - https:\/\/yoast.com\/wordpress\/plugins\/seo\/ -->\n<title>Received the Prime Minister&#039;s Award as a Model Taxpayer - Oriental Commerce<\/title>\n<meta name=\"robots\" content=\"index, follow, max-snippet:-1, max-image-preview:large, max-video-preview:-1\" \/>\n<link rel=\"canonical\" href=\"https:\/\/occ21.vn\/vi\/2023\/06\/03\/received-the-prime-ministers-award-as-a-model-taxpayer\/\" \/>\n<meta property=\"og:locale\" content=\"vi_VN\" \/>\n<meta property=\"og:type\" content=\"article\" \/>\n<meta property=\"og:title\" content=\"Received the Prime Minister&#039;s Award as a Model Taxpayer - Oriental Commerce\" \/>\n<meta property=\"og:description\" content=\"\u25a3 Date&nbsp;Date Date&nbsp;: March 6, 2023\u25a3 Main&nbsp;supervisor&nbsp;: National Tax Service\u25a3 Awards: Prime Minister\u2019s Award for Model Taxpayer (Photo provided by Busan National Tax Service) [Reporter Roishu Jeon Yong-mo] The Busan Regional Tax Office (Director Jang Il-hyeon) celebrated the 57th Taxpayer&#8217;s Day (March 3) at the main auditorium on the first floor of the building on [...]\" \/>\n<meta property=\"og:url\" content=\"https:\/\/occ21.vn\/vi\/2023\/06\/03\/received-the-prime-ministers-award-as-a-model-taxpayer\/\" \/>\n<meta property=\"og:site_name\" content=\"Oriental Commerce\" \/>\n<meta property=\"article:published_time\" content=\"2023-06-03T04:04:00+00:00\" \/>\n<meta property=\"article:modified_time\" content=\"2024-05-02T05:37:08+00:00\" \/>\n<meta property=\"og:image\" content=\"https:\/\/occ21.vn\/wp-content\/uploads\/2024\/05\/w1024b8c7a688262d700c9b4497f0fa3b41d7.jpg\" \/>\n\t<meta property=\"og:image:width\" content=\"1024\" \/>\n\t<meta property=\"og:image:height\" content=\"768\" \/>\n\t<meta property=\"og:image:type\" content=\"image\/jpeg\" \/>\n<meta name=\"author\" content=\"occwp\" \/>\n<meta name=\"twitter:card\" content=\"summary_large_image\" \/>\n<meta name=\"twitter:label1\" content=\"\u0110\u01b0\u1ee3c vi\u1ebft b\u1edfi\" \/>\n\t<meta name=\"twitter:data1\" content=\"occwp\" \/>\n\t<meta name=\"twitter:label2\" content=\"\u01af\u1edbc t\u00ednh th\u1eddi gian \u0111\u1ecdc\" \/>\n\t<meta name=\"twitter:data2\" content=\"5 ph\u00fat\" \/>\n<script type=\"application\/ld+json\" class=\"yoast-schema-graph\">{\"@context\":\"https:\/\/schema.org\",\"@graph\":[{\"@type\":\"WebPage\",\"@id\":\"https:\/\/occ21.vn\/2023\/06\/03\/received-the-prime-ministers-award-as-a-model-taxpayer\/\",\"url\":\"https:\/\/occ21.vn\/2023\/06\/03\/received-the-prime-ministers-award-as-a-model-taxpayer\/\",\"name\":\"Received the Prime Minister's Award as a Model Taxpayer - Oriental Commerce\",\"isPartOf\":{\"@id\":\"https:\/\/occ21.vn\/#website\"},\"primaryImageOfPage\":{\"@id\":\"https:\/\/occ21.vn\/2023\/06\/03\/received-the-prime-ministers-award-as-a-model-taxpayer\/#primaryimage\"},\"image\":{\"@id\":\"https:\/\/occ21.vn\/2023\/06\/03\/received-the-prime-ministers-award-as-a-model-taxpayer\/#primaryimage\"},\"thumbnailUrl\":\"https:\/\/occ21.vn\/wp-content\/uploads\/2024\/05\/w1024b8c7a688262d700c9b4497f0fa3b41d7.jpg\",\"datePublished\":\"2023-06-03T04:04:00+00:00\",\"dateModified\":\"2024-05-02T05:37:08+00:00\",\"author\":{\"@id\":\"https:\/\/occ21.vn\/#\/schema\/person\/5cbbf4dff841a5708a286807a5aa2efa\"},\"breadcrumb\":{\"@id\":\"https:\/\/occ21.vn\/2023\/06\/03\/received-the-prime-ministers-award-as-a-model-taxpayer\/#breadcrumb\"},\"inLanguage\":\"vi\",\"potentialAction\":[{\"@type\":\"ReadAction\",\"target\":[\"https:\/\/occ21.vn\/2023\/06\/03\/received-the-prime-ministers-award-as-a-model-taxpayer\/\"]}]},{\"@type\":\"ImageObject\",\"inLanguage\":\"vi\",\"@id\":\"https:\/\/occ21.vn\/2023\/06\/03\/received-the-prime-ministers-award-as-a-model-taxpayer\/#primaryimage\",\"url\":\"https:\/\/occ21.vn\/wp-content\/uploads\/2024\/05\/w1024b8c7a688262d700c9b4497f0fa3b41d7.jpg\",\"contentUrl\":\"https:\/\/occ21.vn\/wp-content\/uploads\/2024\/05\/w1024b8c7a688262d700c9b4497f0fa3b41d7.jpg\",\"width\":1024,\"height\":768},{\"@type\":\"BreadcrumbList\",\"@id\":\"https:\/\/occ21.vn\/2023\/06\/03\/received-the-prime-ministers-award-as-a-model-taxpayer\/#breadcrumb\",\"itemListElement\":[{\"@type\":\"ListItem\",\"position\":1,\"name\":\"\",\"item\":\"https:\/\/occ21.vn\/\"},{\"@type\":\"ListItem\",\"position\":2,\"name\":\"Received the Prime Minister&#8217;s Award as a Model Taxpayer\"}]},{\"@type\":\"WebSite\",\"@id\":\"https:\/\/occ21.vn\/#website\",\"url\":\"https:\/\/occ21.vn\/\",\"name\":\"Oriental Commerce\",\"description\":\"\",\"potentialAction\":[{\"@type\":\"SearchAction\",\"target\":{\"@type\":\"EntryPoint\",\"urlTemplate\":\"https:\/\/occ21.vn\/?s={search_term_string}\"},\"query-input\":\"required name=search_term_string\"}],\"inLanguage\":\"vi\"},{\"@type\":\"Person\",\"@id\":\"https:\/\/occ21.vn\/#\/schema\/person\/5cbbf4dff841a5708a286807a5aa2efa\",\"name\":\"occwp\",\"sameAs\":[\"https:\/\/occ21.vn\"],\"url\":\"https:\/\/occ21.vn\/vi\/author\/occwp\/\"}]}<\/script>\n<!-- \/ Yoast SEO plugin. -->","yoast_head_json":{"title":"Received the Prime Minister's Award as a Model Taxpayer - Oriental Commerce","robots":{"index":"index","follow":"follow","max-snippet":"max-snippet:-1","max-image-preview":"max-image-preview:large","max-video-preview":"max-video-preview:-1"},"canonical":"https:\/\/occ21.vn\/vi\/2023\/06\/03\/received-the-prime-ministers-award-as-a-model-taxpayer\/","og_locale":"vi_VN","og_type":"article","og_title":"Received the Prime Minister's Award as a Model Taxpayer - Oriental Commerce","og_description":"\u25a3 Date&nbsp;Date Date&nbsp;: March 6, 2023\u25a3 Main&nbsp;supervisor&nbsp;: National Tax Service\u25a3 Awards: Prime Minister\u2019s Award for Model Taxpayer (Photo provided by Busan National Tax Service) [Reporter Roishu Jeon Yong-mo] The Busan Regional Tax Office (Director Jang Il-hyeon) celebrated the 57th Taxpayer&#8217;s Day (March 3) at the main auditorium on the first floor of the building on [...]","og_url":"https:\/\/occ21.vn\/vi\/2023\/06\/03\/received-the-prime-ministers-award-as-a-model-taxpayer\/","og_site_name":"Oriental Commerce","article_published_time":"2023-06-03T04:04:00+00:00","article_modified_time":"2024-05-02T05:37:08+00:00","og_image":[{"width":1024,"height":768,"url":"https:\/\/occ21.vn\/wp-content\/uploads\/2024\/05\/w1024b8c7a688262d700c9b4497f0fa3b41d7.jpg","type":"image\/jpeg"}],"author":"occwp","twitter_card":"summary_large_image","twitter_misc":{"\u0110\u01b0\u1ee3c vi\u1ebft b\u1edfi":"occwp","\u01af\u1edbc t\u00ednh th\u1eddi gian \u0111\u1ecdc":"5 ph\u00fat"},"schema":{"@context":"https:\/\/schema.org","@graph":[{"@type":"WebPage","@id":"https:\/\/occ21.vn\/2023\/06\/03\/received-the-prime-ministers-award-as-a-model-taxpayer\/","url":"https:\/\/occ21.vn\/2023\/06\/03\/received-the-prime-ministers-award-as-a-model-taxpayer\/","name":"Received the Prime Minister's Award as a Model Taxpayer - Oriental Commerce","isPartOf":{"@id":"https:\/\/occ21.vn\/#website"},"primaryImageOfPage":{"@id":"https:\/\/occ21.vn\/2023\/06\/03\/received-the-prime-ministers-award-as-a-model-taxpayer\/#primaryimage"},"image":{"@id":"https:\/\/occ21.vn\/2023\/06\/03\/received-the-prime-ministers-award-as-a-model-taxpayer\/#primaryimage"},"thumbnailUrl":"https:\/\/occ21.vn\/wp-content\/uploads\/2024\/05\/w1024b8c7a688262d700c9b4497f0fa3b41d7.jpg","datePublished":"2023-06-03T04:04:00+00:00","dateModified":"2024-05-02T05:37:08+00:00","author":{"@id":"https:\/\/occ21.vn\/#\/schema\/person\/5cbbf4dff841a5708a286807a5aa2efa"},"breadcrumb":{"@id":"https:\/\/occ21.vn\/2023\/06\/03\/received-the-prime-ministers-award-as-a-model-taxpayer\/#breadcrumb"},"inLanguage":"vi","potentialAction":[{"@type":"ReadAction","target":["https:\/\/occ21.vn\/2023\/06\/03\/received-the-prime-ministers-award-as-a-model-taxpayer\/"]}]},{"@type":"ImageObject","inLanguage":"vi","@id":"https:\/\/occ21.vn\/2023\/06\/03\/received-the-prime-ministers-award-as-a-model-taxpayer\/#primaryimage","url":"https:\/\/occ21.vn\/wp-content\/uploads\/2024\/05\/w1024b8c7a688262d700c9b4497f0fa3b41d7.jpg","contentUrl":"https:\/\/occ21.vn\/wp-content\/uploads\/2024\/05\/w1024b8c7a688262d700c9b4497f0fa3b41d7.jpg","width":1024,"height":768},{"@type":"BreadcrumbList","@id":"https:\/\/occ21.vn\/2023\/06\/03\/received-the-prime-ministers-award-as-a-model-taxpayer\/#breadcrumb","itemListElement":[{"@type":"ListItem","position":1,"name":"","item":"https:\/\/occ21.vn\/"},{"@type":"ListItem","position":2,"name":"Received the Prime Minister&#8217;s Award as a Model Taxpayer"}]},{"@type":"WebSite","@id":"https:\/\/occ21.vn\/#website","url":"https:\/\/occ21.vn\/","name":"Oriental Commerce","description":"","potentialAction":[{"@type":"SearchAction","target":{"@type":"EntryPoint","urlTemplate":"https:\/\/occ21.vn\/?s={search_term_string}"},"query-input":"required name=search_term_string"}],"inLanguage":"vi"},{"@type":"Person","@id":"https:\/\/occ21.vn\/#\/schema\/person\/5cbbf4dff841a5708a286807a5aa2efa","name":"occwp","sameAs":["https:\/\/occ21.vn"],"url":"https:\/\/occ21.vn\/vi\/author\/occwp\/"}]}},"_links":{"self":[{"href":"https:\/\/occ21.vn\/vi\/wp-json\/wp\/v2\/posts\/2549"}],"collection":[{"href":"https:\/\/occ21.vn\/vi\/wp-json\/wp\/v2\/posts"}],"about":[{"href":"https:\/\/occ21.vn\/vi\/wp-json\/wp\/v2\/types\/post"}],"author":[{"embeddable":true,"href":"https:\/\/occ21.vn\/vi\/wp-json\/wp\/v2\/users\/1"}],"replies":[{"embeddable":true,"href":"https:\/\/occ21.vn\/vi\/wp-json\/wp\/v2\/comments?post=2549"}],"version-history":[{"count":4,"href":"https:\/\/occ21.vn\/vi\/wp-json\/wp\/v2\/posts\/2549\/revisions"}],"predecessor-version":[{"id":2560,"href":"https:\/\/occ21.vn\/vi\/wp-json\/wp\/v2\/posts\/2549\/revisions\/2560"}],"wp:featuredmedia":[{"embeddable":true,"href":"https:\/\/occ21.vn\/vi\/wp-json\/wp\/v2\/media\/2550"}],"wp:attachment":[{"href":"https:\/\/occ21.vn\/vi\/wp-json\/wp\/v2\/media?parent=2549"}],"wp:term":[{"taxonomy":"category","embeddable":true,"href":"https:\/\/occ21.vn\/vi\/wp-json\/wp\/v2\/categories?post=2549"},{"taxonomy":"post_tag","embeddable":true,"href":"https:\/\/occ21.vn\/vi\/wp-json\/wp\/v2\/tags?post=2549"}],"curies":[{"name":"wp","href":"https:\/\/api.w.org\/{rel}","templated":true}]}}